{"id":300,"date":"2011-12-01T18:18:53","date_gmt":"2011-12-01T16:18:53","guid":{"rendered":"http:\/\/www.nordstein.at\/literatur\/?p=300"},"modified":"2015-11-01T18:22:32","modified_gmt":"2015-11-01T16:22:32","slug":"katariinas-vater","status":"publish","type":"post","link":"https:\/\/www.nordstein.at\/literatur\/katariinas-vater\/","title":{"rendered":"Katariinas Vater"},"content":{"rendered":"<p>Katariinas Vater hat sie und ihre Mutter verlassen, als sie zwei war. Bewusste Erinnerungen an ihn hat sie keine, nur an das Telefonat, als sie zw\u00f6lf war, und sie ihm mitteilte, dass sie sich \u201enicht mit fremden M\u00e4nnern trifft.\u201c Jetzt ist Katariina mit dem Fotografen Olli verheiratet und selber Mutter. Sie wohnt mit ihrer Familie auf Suomenlinna, einer Insel in Helsinki \u2013 zentral und dennoch abgeschieden. Der Fr\u00fchling kommt langsam ins Land, als eines morgens der Alltag aus den Fugen ger\u00e4t: die Polizei steht vor der T\u00fcr und teilt Katariina mit, dass ihr Vater gestorben sei. Kann es sein, dass der Tod eines Unbekannten eine so aufw\u00fchlt? Es kann. Und noch mehr die Tatsache, dass sie drei Halbgeschwister hat. Es beginnt eine unwirkliche Zeit der Trauer, die Katariina so unpassend vorkommt. Praktische Dinge m\u00fcssen organisiert werden, die Geschwister kommen zu Besuch. Die Tochter distanziert sich von ihr und die Beziehung zu Olli f\u00e4hrt Achterbahn.<\/p>\n<p>Erz\u00e4hlt wird aus st\u00e4ndig wechselnder Perspektive: alle ProtagonistInnen kommen in Ich-Form zu Wort, w\u00e4hrend Katariinas Sichtweise in der dritten Person erz\u00e4hlt wird \u2013 womit die Leserin ihr genauso wenig nahe kommt wie ihre Umwelt. Ein gro\u00dfartiges Buch mit einem Kaleidoskop unterschiedlicher Charaktere, in dem tiefe Gef\u00fchle genauso Platz haben wie humorvolle Episoden. Gleich lesen!<\/p>\n<p><strong>Katja Kallio: Zeit der Zugv\u00f6gel. Roman.<\/strong> \u00dcbersetzt von Alexandra Stang. 347 Seiten, Kr\u00fcger Verlag, Frankfurt\/Main 2011\u00a0\u00a0\u00a0\u00a0\u00a0\u00a0 EUR 17,50<\/p>\n<p>erstmals erschienen in\u00a0<a href=\"http:\/\/weiberdiwan.at\/cms\/wp-content\/uploads\/2014\/10\/WeiberDiwan__2011-02__Herbst_Winter.pdf\" target=\"_blank\">WeiberDiwan 02\/2011<\/a><\/p>\n","protected":false},"excerpt":{"rendered":"<p>Katariinas Vater hat sie und ihre Mutter verlassen, als sie zwei war. Bewusste Erinnerungen an ihn hat sie keine, nur an das Telefonat, als sie zw\u00f6lf war, und sie ihm mitteilte, dass sie sich \u201enicht mit fremden M\u00e4nnern trifft.\u201c Jetzt ist Katariina mit dem Fotografen Olli verheiratet und selber Mutter. Sie wohnt mit ihrer Familie &hellip; <a href=\"https:\/\/www.nordstein.at\/literatur\/katariinas-vater\/\" class=\"more-link\"><span class=\"screen-reader-text\">Katariinas Vater<\/span> weiterlesen<\/a><\/p>\n","protected":false},"author":2,"featured_media":0,"comment_status":"open","ping_status":"open","sticky":false,"template":"","format":"standard","meta":{"footnotes":""},"categories":[4],"tags":[12,47,46],"_links":{"self":[{"href":"https:\/\/www.nordstein.at\/literatur\/wp-json\/wp\/v2\/posts\/300"}],"collection":[{"href":"https:\/\/www.nordstein.at\/literatur\/wp-json\/wp\/v2\/posts"}],"about":[{"href":"https:\/\/www.nordstein.at\/literatur\/wp-json\/wp\/v2\/types\/post"}],"author":[{"embeddable":true,"href":"https:\/\/www.nordstein.at\/literatur\/wp-json\/wp\/v2\/users\/2"}],"replies":[{"embeddable":true,"href":"https:\/\/www.nordstein.at\/literatur\/wp-json\/wp\/v2\/comments?post=300"}],"version-history":[{"count":1,"href":"https:\/\/www.nordstein.at\/literatur\/wp-json\/wp\/v2\/posts\/300\/revisions"}],"predecessor-version":[{"id":301,"href":"https:\/\/www.nordstein.at\/literatur\/wp-json\/wp\/v2\/posts\/300\/revisions\/301"}],"wp:attachment":[{"href":"https:\/\/www.nordstein.at\/literatur\/wp-json\/wp\/v2\/media?parent=300"}],"wp:term":[{"taxonomy":"category","embeddable":true,"href":"https:\/\/www.nordstein.at\/literatur\/wp-json\/wp\/v2\/categories?post=300"},{"taxonomy":"post_tag","embeddable":true,"href":"https:\/\/www.nordstein.at\/literatur\/wp-json\/wp\/v2\/tags?post=300"}],"curies":[{"name":"wp","href":"https:\/\/api.w.org\/{rel}","templated":true}]}}